{"id":729,"date":"2015-12-22T11:05:42","date_gmt":"2015-12-22T10:05:42","guid":{"rendered":"https:\/\/www.jse.lu\/?p=729\/"},"modified":"2017-07-20T11:18:25","modified_gmt":"2017-07-20T09:18:25","slug":"prix-luxembourgeois-darchitecture-2015","status":"publish","type":"post","link":"https:\/\/www.jse.lu\/fr\/news\/prix-luxembourgeois-darchitecture-2015\/","title":{"rendered":"Prix Luxembourgeois d&rsquo;Architecture 2015"},"content":{"rendered":"<div class=\"content-element\">\n<div class=\"text\">\n<p class=\"bodytext\">C&rsquo;est aux Rotondes que s&rsquo;est d\u00e9roul\u00e9e la c\u00e9r\u00e9monie de remise du Prix Luxembourgeois d&rsquo;Architecture 2015. Devant plus de 400 personnes, dans une ambiance festive et conviviale, les laur\u00e9ats ont \u00e9t\u00e9 d\u00e9voil\u00e9s.<\/p>\n<p class=\"bodytext\">Cette ann\u00e9e, entre autres, les 3 projets suivants, r\u00e9alis\u00e9s en collaboration avec notre bureau, ont remport\u00e9 un prix.<\/p>\n<ul>\n<li class=\"bodytext\">le ch\u00e2teau d&rsquo;eau \u00e0 Dudelange,<\/li>\n<li class=\"bodytext\">la maison \u00e0 Luxembourg-M\u00fchlenbach,<\/li>\n<li class=\"bodytext\">le Lycee Technique Joseph Bech \u00e0 Grevenmaacher.<\/li>\n<\/ul>\n<p>&nbsp;<\/p>\n<\/div>\n<\/div>\n<div class=\"content-element\">\n<div class=\"header\">\n<header>\n<h2>Prix d&rsquo;Architecture non-r\u00e9sidentielle: Waassertuerm Diddeleng<\/h2>\n<\/header>\n<\/div>\n<div class=\"text\">\n<p class=\"bodytext\">Architecte : Kaell Architecte en association momentan\u00e9e avec l&rsquo;Atelier d&rsquo;Architecture et de Design Jim Clemes<\/p>\n<p class=\"bodytext\">Localisation : 1b, rue du Cimeti\u00e8re L-3475 Dudelange<\/p>\n<p class=\"bodytext\">R\u00e9alisation : 2009-2012<\/p>\n<p class=\"bodytext\">La r\u00e9habilitation et la transformation de l\u2019ancien ch\u00e2teau d\u2019eau de Dudelange confirme l\u2019id\u00e9e de sauvegarde du patrimoine industriel et de son affectation \u00e0 une nouvelle utilisation. Le travail des architectes souligne et renforce de mani\u00e8re claire et rigoureuse l\u2019identit\u00e9 historique du Waassertuerm tout en gardant un \u00e9quilibre r\u00e9ussi entre ancien et nouveau. Plus qu\u2019une simple sauvegarde d\u2019architecture industrielle, la descente des escaliers, apr\u00e8s la visite de l\u2019exposition permet de d\u00e9couvrir le paysage et l\u2019urbanit\u00e9 avoisinante.<\/p>\n<p class=\"bodytext\">\n<\/div>\n<\/div>\n<div class=\"content-element\">\n<div class=\"header\">\n<header>\n<h2>Prix Sp\u00e9cial du Jury pour la Maison \u00e0 Luxembourg-M\u00fchlenbach<\/h2>\n<\/header>\n<\/div>\n<div class=\"text\">\n<p class=\"bodytext\">Ma\u00eetre d&rsquo;ouvrage : Priv\u00e9<\/p>\n<p class=\"bodytext\">Architecte : Polaris Architects<\/p>\n<p class=\"bodytext\">Localisation : Luxembourg<\/p>\n<p class=\"bodytext\">R\u00e9alisation : 2009-2013<\/p>\n<\/div>\n<\/div>\n<div class=\"content-element\">\n<div class=\"header\">\n<header>\n<h2>Prix du Public: Maacher Lyc\u00e9e, Grevenmacher<\/h2>\n<\/header>\n<\/div>\n<div class=\"text\">\n<p class=\"bodytext\">Ma\u00eetre de l&rsquo;ouvrage : Administration des B\u00e2timents Publics<\/p>\n<p class=\"bodytext\">Architecte : Polaris Architects<\/p>\n<p class=\"bodytext\">Localisation : rue de Muenschecker L-6760 Grevenmacher<\/p>\n<p class=\"bodytext\">R\u00e9alisation : 2008-2015<\/p>\n<p class=\"bodytext\">Source:\u00a0<a href=\"https:\/\/www.luca.lu\/agenda\/prix-architecture\/laureats-du-prix-luxembourgeois-darchitecture-2015\" target=\"_blank\" rel=\"noopener\">Le site LUCA &#8211; Luxembourg Center for Architecture<\/a><\/p>\n<\/div>\n<\/div>\n","protected":false},"excerpt":{"rendered":"<p>C&rsquo;est aux Rotondes que s&rsquo;est d\u00e9roul\u00e9e la c\u00e9r\u00e9monie de remise du Prix Luxembourgeois d&rsquo;Architecture 2015. Devant plus de 400 personnes, dans une ambiance festive et conviviale, les laur\u00e9ats ont \u00e9t\u00e9 d\u00e9voil\u00e9s. Cette ann\u00e9e, entre autres, [&hellip;]<\/p>\n","protected":false},"author":1,"featured_media":731,"comment_status":"closed","ping_status":"open","sticky":false,"template":"","format":"standard","meta":{"_acf_changed":false,"footnotes":""},"categories":[32],"tags":[],"class_list":["post-729","post","type-post","status-publish","format-standard","has-post-thumbnail","hentry","category-news"],"acf":[],"yoast_head":"<!-- This site is optimized with the Yoast SEO plugin v24.8 - https:\/\/yoast.com\/wordpress\/plugins\/seo\/ -->\n<title>Prix Luxembourgeois d&#039;Architecture 2015 - Jean Schmit Engineering<\/title>\n<meta name=\"robots\" content=\"index, follow, max-snippet:-1, max-image-preview:large, max-video-preview:-1\" \/>\n<link rel=\"canonical\" href=\"https:\/\/www.jse.lu\/fr\/news\/prix-luxembourgeois-darchitecture-2015\/\" \/>\n<meta property=\"og:locale\" content=\"fr_FR\" \/>\n<meta property=\"og:type\" content=\"article\" \/>\n<meta property=\"og:title\" content=\"Prix Luxembourgeois d&#039;Architecture 2015 - Jean Schmit Engineering\" \/>\n<meta property=\"og:description\" content=\"C&rsquo;est aux Rotondes que s&rsquo;est d\u00e9roul\u00e9e la c\u00e9r\u00e9monie de remise du Prix Luxembourgeois d&rsquo;Architecture 2015. Devant plus de 400 personnes, dans une ambiance festive et conviviale, les laur\u00e9ats ont \u00e9t\u00e9 d\u00e9voil\u00e9s. Cette ann\u00e9e, entre autres, [&hellip;]\" \/>\n<meta property=\"og:url\" content=\"https:\/\/www.jse.lu\/fr\/news\/prix-luxembourgeois-darchitecture-2015\/\" \/>\n<meta property=\"og:site_name\" content=\"Jean Schmit Engineering\" \/>\n<meta property=\"article:published_time\" content=\"2015-12-22T10:05:42+00:00\" \/>\n<meta property=\"article:modified_time\" content=\"2017-07-20T09:18:25+00:00\" \/>\n<meta property=\"og:image\" content=\"https:\/\/www.jse.lu\/wp-content\/uploads\/Waassertuerm.jpg\" \/>\n\t<meta property=\"og:image:width\" content=\"555\" \/>\n\t<meta property=\"og:image:height\" content=\"372\" \/>\n\t<meta property=\"og:image:type\" content=\"image\/jpeg\" \/>\n<meta name=\"author\" content=\"vous_admin\" \/>\n<meta name=\"twitter:card\" content=\"summary_large_image\" \/>\n<meta name=\"twitter:label1\" content=\"\u00c9crit par\" \/>\n\t<meta name=\"twitter:data1\" content=\"vous_admin\" \/>\n\t<meta name=\"twitter:label2\" content=\"Dur\u00e9e de lecture estim\u00e9e\" \/>\n\t<meta name=\"twitter:data2\" content=\"1 minute\" \/>\n<script type=\"application\/ld+json\" class=\"yoast-schema-graph\">{\"@context\":\"https:\/\/schema.org\",\"@graph\":[{\"@type\":\"WebPage\",\"@id\":\"https:\/\/www.jse.lu\/fr\/news\/prix-luxembourgeois-darchitecture-2015\/\",\"url\":\"https:\/\/www.jse.lu\/fr\/news\/prix-luxembourgeois-darchitecture-2015\/\",\"name\":\"Prix Luxembourgeois d'Architecture 2015 - Jean Schmit Engineering\",\"isPartOf\":{\"@id\":\"https:\/\/www.jse.lu\/fr\/#website\"},\"primaryImageOfPage\":{\"@id\":\"https:\/\/www.jse.lu\/fr\/news\/prix-luxembourgeois-darchitecture-2015\/#primaryimage\"},\"image\":{\"@id\":\"https:\/\/www.jse.lu\/fr\/news\/prix-luxembourgeois-darchitecture-2015\/#primaryimage\"},\"thumbnailUrl\":\"https:\/\/www.jse.lu\/wp-content\/uploads\/Waassertuerm.jpg\",\"datePublished\":\"2015-12-22T10:05:42+00:00\",\"dateModified\":\"2017-07-20T09:18:25+00:00\",\"author\":{\"@id\":\"https:\/\/www.jse.lu\/fr\/#\/schema\/person\/4512d415372894baca4dfb6596f0bedf\"},\"breadcrumb\":{\"@id\":\"https:\/\/www.jse.lu\/fr\/news\/prix-luxembourgeois-darchitecture-2015\/#breadcrumb\"},\"inLanguage\":\"fr-FR\",\"potentialAction\":[{\"@type\":\"ReadAction\",\"target\":[\"https:\/\/www.jse.lu\/fr\/news\/prix-luxembourgeois-darchitecture-2015\/\"]}]},{\"@type\":\"ImageObject\",\"inLanguage\":\"fr-FR\",\"@id\":\"https:\/\/www.jse.lu\/fr\/news\/prix-luxembourgeois-darchitecture-2015\/#primaryimage\",\"url\":\"https:\/\/www.jse.lu\/wp-content\/uploads\/Waassertuerm.jpg\",\"contentUrl\":\"https:\/\/www.jse.lu\/wp-content\/uploads\/Waassertuerm.jpg\",\"width\":555,\"height\":372},{\"@type\":\"BreadcrumbList\",\"@id\":\"https:\/\/www.jse.lu\/fr\/news\/prix-luxembourgeois-darchitecture-2015\/#breadcrumb\",\"itemListElement\":[{\"@type\":\"ListItem\",\"position\":1,\"name\":\"Home\",\"item\":\"https:\/\/www.jse.lu\/fr\/\"},{\"@type\":\"ListItem\",\"position\":2,\"name\":\"Prix Luxembourgeois d&rsquo;Architecture 2015\"}]},{\"@type\":\"WebSite\",\"@id\":\"https:\/\/www.jse.lu\/fr\/#website\",\"url\":\"https:\/\/www.jse.lu\/fr\/\",\"name\":\"Jean Schmit Engineering\",\"description\":\"\",\"potentialAction\":[{\"@type\":\"SearchAction\",\"target\":{\"@type\":\"EntryPoint\",\"urlTemplate\":\"https:\/\/www.jse.lu\/fr\/?s={search_term_string}\"},\"query-input\":{\"@type\":\"PropertyValueSpecification\",\"valueRequired\":true,\"valueName\":\"search_term_string\"}}],\"inLanguage\":\"fr-FR\"},{\"@type\":\"Person\",\"@id\":\"https:\/\/www.jse.lu\/fr\/#\/schema\/person\/4512d415372894baca4dfb6596f0bedf\",\"name\":\"vous_admin\",\"image\":{\"@type\":\"ImageObject\",\"inLanguage\":\"fr-FR\",\"@id\":\"https:\/\/www.jse.lu\/fr\/#\/schema\/person\/image\/\",\"url\":\"https:\/\/secure.gravatar.com\/avatar\/657a815286696c1ef72e241c7393b143?s=96&d=mm&r=g\",\"contentUrl\":\"https:\/\/secure.gravatar.com\/avatar\/657a815286696c1ef72e241c7393b143?s=96&d=mm&r=g\",\"caption\":\"vous_admin\"},\"url\":\"https:\/\/www.jse.lu\/fr\/author\/vous_admin\/\"}]}<\/script>\n<!-- \/ Yoast SEO plugin. -->","yoast_head_json":{"title":"Prix Luxembourgeois d'Architecture 2015 - Jean Schmit Engineering","robots":{"index":"index","follow":"follow","max-snippet":"max-snippet:-1","max-image-preview":"max-image-preview:large","max-video-preview":"max-video-preview:-1"},"canonical":"https:\/\/www.jse.lu\/fr\/news\/prix-luxembourgeois-darchitecture-2015\/","og_locale":"fr_FR","og_type":"article","og_title":"Prix Luxembourgeois d'Architecture 2015 - Jean Schmit Engineering","og_description":"C&rsquo;est aux Rotondes que s&rsquo;est d\u00e9roul\u00e9e la c\u00e9r\u00e9monie de remise du Prix Luxembourgeois d&rsquo;Architecture 2015. Devant plus de 400 personnes, dans une ambiance festive et conviviale, les laur\u00e9ats ont \u00e9t\u00e9 d\u00e9voil\u00e9s. Cette ann\u00e9e, entre autres, [&hellip;]","og_url":"https:\/\/www.jse.lu\/fr\/news\/prix-luxembourgeois-darchitecture-2015\/","og_site_name":"Jean Schmit Engineering","article_published_time":"2015-12-22T10:05:42+00:00","article_modified_time":"2017-07-20T09:18:25+00:00","og_image":[{"width":555,"height":372,"url":"https:\/\/www.jse.lu\/wp-content\/uploads\/Waassertuerm.jpg","type":"image\/jpeg"}],"author":"vous_admin","twitter_card":"summary_large_image","twitter_misc":{"\u00c9crit par":"vous_admin","Dur\u00e9e de lecture estim\u00e9e":"1 minute"},"schema":{"@context":"https:\/\/schema.org","@graph":[{"@type":"WebPage","@id":"https:\/\/www.jse.lu\/fr\/news\/prix-luxembourgeois-darchitecture-2015\/","url":"https:\/\/www.jse.lu\/fr\/news\/prix-luxembourgeois-darchitecture-2015\/","name":"Prix Luxembourgeois d'Architecture 2015 - Jean Schmit Engineering","isPartOf":{"@id":"https:\/\/www.jse.lu\/fr\/#website"},"primaryImageOfPage":{"@id":"https:\/\/www.jse.lu\/fr\/news\/prix-luxembourgeois-darchitecture-2015\/#primaryimage"},"image":{"@id":"https:\/\/www.jse.lu\/fr\/news\/prix-luxembourgeois-darchitecture-2015\/#primaryimage"},"thumbnailUrl":"https:\/\/www.jse.lu\/wp-content\/uploads\/Waassertuerm.jpg","datePublished":"2015-12-22T10:05:42+00:00","dateModified":"2017-07-20T09:18:25+00:00","author":{"@id":"https:\/\/www.jse.lu\/fr\/#\/schema\/person\/4512d415372894baca4dfb6596f0bedf"},"breadcrumb":{"@id":"https:\/\/www.jse.lu\/fr\/news\/prix-luxembourgeois-darchitecture-2015\/#breadcrumb"},"inLanguage":"fr-FR","potentialAction":[{"@type":"ReadAction","target":["https:\/\/www.jse.lu\/fr\/news\/prix-luxembourgeois-darchitecture-2015\/"]}]},{"@type":"ImageObject","inLanguage":"fr-FR","@id":"https:\/\/www.jse.lu\/fr\/news\/prix-luxembourgeois-darchitecture-2015\/#primaryimage","url":"https:\/\/www.jse.lu\/wp-content\/uploads\/Waassertuerm.jpg","contentUrl":"https:\/\/www.jse.lu\/wp-content\/uploads\/Waassertuerm.jpg","width":555,"height":372},{"@type":"BreadcrumbList","@id":"https:\/\/www.jse.lu\/fr\/news\/prix-luxembourgeois-darchitecture-2015\/#breadcrumb","itemListElement":[{"@type":"ListItem","position":1,"name":"Home","item":"https:\/\/www.jse.lu\/fr\/"},{"@type":"ListItem","position":2,"name":"Prix Luxembourgeois d&rsquo;Architecture 2015"}]},{"@type":"WebSite","@id":"https:\/\/www.jse.lu\/fr\/#website","url":"https:\/\/www.jse.lu\/fr\/","name":"Jean Schmit Engineering","description":"","potentialAction":[{"@type":"SearchAction","target":{"@type":"EntryPoint","urlTemplate":"https:\/\/www.jse.lu\/fr\/?s={search_term_string}"},"query-input":{"@type":"PropertyValueSpecification","valueRequired":true,"valueName":"search_term_string"}}],"inLanguage":"fr-FR"},{"@type":"Person","@id":"https:\/\/www.jse.lu\/fr\/#\/schema\/person\/4512d415372894baca4dfb6596f0bedf","name":"vous_admin","image":{"@type":"ImageObject","inLanguage":"fr-FR","@id":"https:\/\/www.jse.lu\/fr\/#\/schema\/person\/image\/","url":"https:\/\/secure.gravatar.com\/avatar\/657a815286696c1ef72e241c7393b143?s=96&d=mm&r=g","contentUrl":"https:\/\/secure.gravatar.com\/avatar\/657a815286696c1ef72e241c7393b143?s=96&d=mm&r=g","caption":"vous_admin"},"url":"https:\/\/www.jse.lu\/fr\/author\/vous_admin\/"}]}},"_links":{"self":[{"href":"https:\/\/www.jse.lu\/fr\/wp-json\/wp\/v2\/posts\/729","targetHints":{"allow":["GET"]}}],"collection":[{"href":"https:\/\/www.jse.lu\/fr\/wp-json\/wp\/v2\/posts"}],"about":[{"href":"https:\/\/www.jse.lu\/fr\/wp-json\/wp\/v2\/types\/post"}],"author":[{"embeddable":true,"href":"https:\/\/www.jse.lu\/fr\/wp-json\/wp\/v2\/users\/1"}],"replies":[{"embeddable":true,"href":"https:\/\/www.jse.lu\/fr\/wp-json\/wp\/v2\/comments?post=729"}],"version-history":[{"count":2,"href":"https:\/\/www.jse.lu\/fr\/wp-json\/wp\/v2\/posts\/729\/revisions"}],"predecessor-version":[{"id":739,"href":"https:\/\/www.jse.lu\/fr\/wp-json\/wp\/v2\/posts\/729\/revisions\/739"}],"wp:featuredmedia":[{"embeddable":true,"href":"https:\/\/www.jse.lu\/fr\/wp-json\/wp\/v2\/media\/731"}],"wp:attachment":[{"href":"https:\/\/www.jse.lu\/fr\/wp-json\/wp\/v2\/media?parent=729"}],"wp:term":[{"taxonomy":"category","embeddable":true,"href":"https:\/\/www.jse.lu\/fr\/wp-json\/wp\/v2\/categories?post=729"},{"taxonomy":"post_tag","embeddable":true,"href":"https:\/\/www.jse.lu\/fr\/wp-json\/wp\/v2\/tags?post=729"}],"curies":[{"name":"wp","href":"https:\/\/api.w.org\/{rel}","templated":true}]}}