{"id":698,"date":"2017-04-19T09:55:46","date_gmt":"2017-04-19T07:55:46","guid":{"rendered":"https:\/\/www.jse.lu\/?p=698\/"},"modified":"2017-07-20T10:09:16","modified_gmt":"2017-07-20T08:09:16","slug":"inauguration-rtl-city","status":"publish","type":"post","link":"https:\/\/www.jse.lu\/fr\/news\/inauguration-rtl-city\/","title":{"rendered":"Inauguration RTL &#8211; City"},"content":{"rendered":"<p>En date du 19 avril 2017, les nouveaux locaux de RTL City (ca. 36&rsquo;000 m<sup>2<\/sup>) ont \u00e9t\u00e9 inaugur\u00e9s au Kirchberg.<\/p>\n<p>Notre bureau qui avait d\u00e9j\u00e0 r\u00e9alis\u00e9 les \u00e9tudes des installations techniques dans les b\u00e2timents existants RTL-KB1 et RTL-KB2 a aussi \u00e9t\u00e9 en charge de toutes les techniques sp\u00e9ciales du nouveau projet.<\/p>\n<p>Les technologies qui ont trouv\u00e9s leur application dans ce projet sont les suivantes :<\/p>\n<ul>\n<li>Diff\u00e9rentes centrales de traitement d\u2019air fonctionnants selon le principe du desiccant-cooling, donc sans froid produit par une machine frigorifique,<\/li>\n<li>Traitement climatique des bureaux par dalles thermo-actives fonctionnants selon le principe du rafraichissement nocturne donc sans machine frigorifique,<\/li>\n<li>Refroidissement de la salle IT-BROADCAST assist\u00e9 par refroidisseur hybride en mode free-chilling,<\/li>\n<li>Commande des \u00e9clairages dans les bureaux par d\u00e9tecteur de pr\u00e9sence et sonde de luminosit\u00e9.<\/li>\n<\/ul>\n<p>&nbsp;<\/p>\n<p>Cr\u00e9dit photo : Blitz<\/p>\n","protected":false},"excerpt":{"rendered":"<p>En date du 19 avril 2017, les nouveaux locaux de RTL City (ca. 36&rsquo;000 m2) ont \u00e9t\u00e9 inaugur\u00e9s au Kirchberg. Notre bureau qui avait d\u00e9j\u00e0 r\u00e9alis\u00e9 les \u00e9tudes des installations techniques dans les b\u00e2timents existants [&hellip;]<\/p>\n","protected":false},"author":1,"featured_media":700,"comment_status":"closed","ping_status":"open","sticky":false,"template":"","format":"standard","meta":{"_acf_changed":false,"footnotes":""},"categories":[32],"tags":[],"class_list":["post-698","post","type-post","status-publish","format-standard","has-post-thumbnail","hentry","category-news"],"acf":[],"yoast_head":"<!-- This site is optimized with the Yoast SEO plugin v24.8 - https:\/\/yoast.com\/wordpress\/plugins\/seo\/ -->\n<title>Inauguration RTL - City - Jean Schmit Engineering<\/title>\n<meta name=\"robots\" content=\"index, follow, max-snippet:-1, max-image-preview:large, max-video-preview:-1\" \/>\n<link rel=\"canonical\" href=\"https:\/\/www.jse.lu\/fr\/news\/inauguration-rtl-city\/\" \/>\n<meta property=\"og:locale\" content=\"fr_FR\" \/>\n<meta property=\"og:type\" content=\"article\" \/>\n<meta property=\"og:title\" content=\"Inauguration RTL - City - Jean Schmit Engineering\" \/>\n<meta property=\"og:description\" content=\"En date du 19 avril 2017, les nouveaux locaux de RTL City (ca. 36&rsquo;000 m2) ont \u00e9t\u00e9 inaugur\u00e9s au Kirchberg. Notre bureau qui avait d\u00e9j\u00e0 r\u00e9alis\u00e9 les \u00e9tudes des installations techniques dans les b\u00e2timents existants [&hellip;]\" \/>\n<meta property=\"og:url\" content=\"https:\/\/www.jse.lu\/fr\/news\/inauguration-rtl-city\/\" \/>\n<meta property=\"og:site_name\" content=\"Jean Schmit Engineering\" \/>\n<meta property=\"article:published_time\" content=\"2017-04-19T07:55:46+00:00\" \/>\n<meta property=\"article:modified_time\" content=\"2017-07-20T08:09:16+00:00\" \/>\n<meta property=\"og:image\" content=\"https:\/\/www.jse.lu\/wp-content\/uploads\/RTL-City-01.jpg\" \/>\n\t<meta property=\"og:image:width\" content=\"1000\" \/>\n\t<meta property=\"og:image:height\" content=\"666\" \/>\n\t<meta property=\"og:image:type\" content=\"image\/jpeg\" \/>\n<meta name=\"author\" content=\"vous_admin\" \/>\n<meta name=\"twitter:card\" content=\"summary_large_image\" \/>\n<meta name=\"twitter:label1\" content=\"\u00c9crit par\" \/>\n\t<meta name=\"twitter:data1\" content=\"vous_admin\" \/>\n\t<meta name=\"twitter:label2\" content=\"Dur\u00e9e de lecture estim\u00e9e\" \/>\n\t<meta name=\"twitter:data2\" content=\"1 minute\" \/>\n<script type=\"application\/ld+json\" class=\"yoast-schema-graph\">{\"@context\":\"https:\/\/schema.org\",\"@graph\":[{\"@type\":\"WebPage\",\"@id\":\"https:\/\/www.jse.lu\/fr\/news\/inauguration-rtl-city\/\",\"url\":\"https:\/\/www.jse.lu\/fr\/news\/inauguration-rtl-city\/\",\"name\":\"Inauguration RTL - City - Jean Schmit Engineering\",\"isPartOf\":{\"@id\":\"https:\/\/www.jse.lu\/fr\/#website\"},\"primaryImageOfPage\":{\"@id\":\"https:\/\/www.jse.lu\/fr\/news\/inauguration-rtl-city\/#primaryimage\"},\"image\":{\"@id\":\"https:\/\/www.jse.lu\/fr\/news\/inauguration-rtl-city\/#primaryimage\"},\"thumbnailUrl\":\"https:\/\/www.jse.lu\/wp-content\/uploads\/RTL-City-01.jpg\",\"datePublished\":\"2017-04-19T07:55:46+00:00\",\"dateModified\":\"2017-07-20T08:09:16+00:00\",\"author\":{\"@id\":\"https:\/\/www.jse.lu\/fr\/#\/schema\/person\/4512d415372894baca4dfb6596f0bedf\"},\"breadcrumb\":{\"@id\":\"https:\/\/www.jse.lu\/fr\/news\/inauguration-rtl-city\/#breadcrumb\"},\"inLanguage\":\"fr-FR\",\"potentialAction\":[{\"@type\":\"ReadAction\",\"target\":[\"https:\/\/www.jse.lu\/fr\/news\/inauguration-rtl-city\/\"]}]},{\"@type\":\"ImageObject\",\"inLanguage\":\"fr-FR\",\"@id\":\"https:\/\/www.jse.lu\/fr\/news\/inauguration-rtl-city\/#primaryimage\",\"url\":\"https:\/\/www.jse.lu\/wp-content\/uploads\/RTL-City-01.jpg\",\"contentUrl\":\"https:\/\/www.jse.lu\/wp-content\/uploads\/RTL-City-01.jpg\",\"width\":1000,\"height\":666},{\"@type\":\"BreadcrumbList\",\"@id\":\"https:\/\/www.jse.lu\/fr\/news\/inauguration-rtl-city\/#breadcrumb\",\"itemListElement\":[{\"@type\":\"ListItem\",\"position\":1,\"name\":\"Home\",\"item\":\"https:\/\/www.jse.lu\/fr\/\"},{\"@type\":\"ListItem\",\"position\":2,\"name\":\"Inauguration RTL &#8211; City\"}]},{\"@type\":\"WebSite\",\"@id\":\"https:\/\/www.jse.lu\/fr\/#website\",\"url\":\"https:\/\/www.jse.lu\/fr\/\",\"name\":\"Jean Schmit Engineering\",\"description\":\"\",\"potentialAction\":[{\"@type\":\"SearchAction\",\"target\":{\"@type\":\"EntryPoint\",\"urlTemplate\":\"https:\/\/www.jse.lu\/fr\/?s={search_term_string}\"},\"query-input\":{\"@type\":\"PropertyValueSpecification\",\"valueRequired\":true,\"valueName\":\"search_term_string\"}}],\"inLanguage\":\"fr-FR\"},{\"@type\":\"Person\",\"@id\":\"https:\/\/www.jse.lu\/fr\/#\/schema\/person\/4512d415372894baca4dfb6596f0bedf\",\"name\":\"vous_admin\",\"image\":{\"@type\":\"ImageObject\",\"inLanguage\":\"fr-FR\",\"@id\":\"https:\/\/www.jse.lu\/fr\/#\/schema\/person\/image\/\",\"url\":\"https:\/\/secure.gravatar.com\/avatar\/657a815286696c1ef72e241c7393b143?s=96&d=mm&r=g\",\"contentUrl\":\"https:\/\/secure.gravatar.com\/avatar\/657a815286696c1ef72e241c7393b143?s=96&d=mm&r=g\",\"caption\":\"vous_admin\"},\"url\":\"https:\/\/www.jse.lu\/fr\/author\/vous_admin\/\"}]}<\/script>\n<!-- \/ Yoast SEO plugin. -->","yoast_head_json":{"title":"Inauguration RTL - City - Jean Schmit Engineering","robots":{"index":"index","follow":"follow","max-snippet":"max-snippet:-1","max-image-preview":"max-image-preview:large","max-video-preview":"max-video-preview:-1"},"canonical":"https:\/\/www.jse.lu\/fr\/news\/inauguration-rtl-city\/","og_locale":"fr_FR","og_type":"article","og_title":"Inauguration RTL - City - Jean Schmit Engineering","og_description":"En date du 19 avril 2017, les nouveaux locaux de RTL City (ca. 36&rsquo;000 m2) ont \u00e9t\u00e9 inaugur\u00e9s au Kirchberg. Notre bureau qui avait d\u00e9j\u00e0 r\u00e9alis\u00e9 les \u00e9tudes des installations techniques dans les b\u00e2timents existants [&hellip;]","og_url":"https:\/\/www.jse.lu\/fr\/news\/inauguration-rtl-city\/","og_site_name":"Jean Schmit Engineering","article_published_time":"2017-04-19T07:55:46+00:00","article_modified_time":"2017-07-20T08:09:16+00:00","og_image":[{"width":1000,"height":666,"url":"https:\/\/www.jse.lu\/wp-content\/uploads\/RTL-City-01.jpg","type":"image\/jpeg"}],"author":"vous_admin","twitter_card":"summary_large_image","twitter_misc":{"\u00c9crit par":"vous_admin","Dur\u00e9e de lecture estim\u00e9e":"1 minute"},"schema":{"@context":"https:\/\/schema.org","@graph":[{"@type":"WebPage","@id":"https:\/\/www.jse.lu\/fr\/news\/inauguration-rtl-city\/","url":"https:\/\/www.jse.lu\/fr\/news\/inauguration-rtl-city\/","name":"Inauguration RTL - City - Jean Schmit Engineering","isPartOf":{"@id":"https:\/\/www.jse.lu\/fr\/#website"},"primaryImageOfPage":{"@id":"https:\/\/www.jse.lu\/fr\/news\/inauguration-rtl-city\/#primaryimage"},"image":{"@id":"https:\/\/www.jse.lu\/fr\/news\/inauguration-rtl-city\/#primaryimage"},"thumbnailUrl":"https:\/\/www.jse.lu\/wp-content\/uploads\/RTL-City-01.jpg","datePublished":"2017-04-19T07:55:46+00:00","dateModified":"2017-07-20T08:09:16+00:00","author":{"@id":"https:\/\/www.jse.lu\/fr\/#\/schema\/person\/4512d415372894baca4dfb6596f0bedf"},"breadcrumb":{"@id":"https:\/\/www.jse.lu\/fr\/news\/inauguration-rtl-city\/#breadcrumb"},"inLanguage":"fr-FR","potentialAction":[{"@type":"ReadAction","target":["https:\/\/www.jse.lu\/fr\/news\/inauguration-rtl-city\/"]}]},{"@type":"ImageObject","inLanguage":"fr-FR","@id":"https:\/\/www.jse.lu\/fr\/news\/inauguration-rtl-city\/#primaryimage","url":"https:\/\/www.jse.lu\/wp-content\/uploads\/RTL-City-01.jpg","contentUrl":"https:\/\/www.jse.lu\/wp-content\/uploads\/RTL-City-01.jpg","width":1000,"height":666},{"@type":"BreadcrumbList","@id":"https:\/\/www.jse.lu\/fr\/news\/inauguration-rtl-city\/#breadcrumb","itemListElement":[{"@type":"ListItem","position":1,"name":"Home","item":"https:\/\/www.jse.lu\/fr\/"},{"@type":"ListItem","position":2,"name":"Inauguration RTL &#8211; City"}]},{"@type":"WebSite","@id":"https:\/\/www.jse.lu\/fr\/#website","url":"https:\/\/www.jse.lu\/fr\/","name":"Jean Schmit Engineering","description":"","potentialAction":[{"@type":"SearchAction","target":{"@type":"EntryPoint","urlTemplate":"https:\/\/www.jse.lu\/fr\/?s={search_term_string}"},"query-input":{"@type":"PropertyValueSpecification","valueRequired":true,"valueName":"search_term_string"}}],"inLanguage":"fr-FR"},{"@type":"Person","@id":"https:\/\/www.jse.lu\/fr\/#\/schema\/person\/4512d415372894baca4dfb6596f0bedf","name":"vous_admin","image":{"@type":"ImageObject","inLanguage":"fr-FR","@id":"https:\/\/www.jse.lu\/fr\/#\/schema\/person\/image\/","url":"https:\/\/secure.gravatar.com\/avatar\/657a815286696c1ef72e241c7393b143?s=96&d=mm&r=g","contentUrl":"https:\/\/secure.gravatar.com\/avatar\/657a815286696c1ef72e241c7393b143?s=96&d=mm&r=g","caption":"vous_admin"},"url":"https:\/\/www.jse.lu\/fr\/author\/vous_admin\/"}]}},"_links":{"self":[{"href":"https:\/\/www.jse.lu\/fr\/wp-json\/wp\/v2\/posts\/698","targetHints":{"allow":["GET"]}}],"collection":[{"href":"https:\/\/www.jse.lu\/fr\/wp-json\/wp\/v2\/posts"}],"about":[{"href":"https:\/\/www.jse.lu\/fr\/wp-json\/wp\/v2\/types\/post"}],"author":[{"embeddable":true,"href":"https:\/\/www.jse.lu\/fr\/wp-json\/wp\/v2\/users\/1"}],"replies":[{"embeddable":true,"href":"https:\/\/www.jse.lu\/fr\/wp-json\/wp\/v2\/comments?post=698"}],"version-history":[{"count":2,"href":"https:\/\/www.jse.lu\/fr\/wp-json\/wp\/v2\/posts\/698\/revisions"}],"predecessor-version":[{"id":810,"href":"https:\/\/www.jse.lu\/fr\/wp-json\/wp\/v2\/posts\/698\/revisions\/810"}],"wp:featuredmedia":[{"embeddable":true,"href":"https:\/\/www.jse.lu\/fr\/wp-json\/wp\/v2\/media\/700"}],"wp:attachment":[{"href":"https:\/\/www.jse.lu\/fr\/wp-json\/wp\/v2\/media?parent=698"}],"wp:term":[{"taxonomy":"category","embeddable":true,"href":"https:\/\/www.jse.lu\/fr\/wp-json\/wp\/v2\/categories?post=698"},{"taxonomy":"post_tag","embeddable":true,"href":"https:\/\/www.jse.lu\/fr\/wp-json\/wp\/v2\/tags?post=698"}],"curies":[{"name":"wp","href":"https:\/\/api.w.org\/{rel}","templated":true}]}}