{"id":2611,"date":"2023-02-14T08:17:03","date_gmt":"2023-02-14T07:17:03","guid":{"rendered":"https:\/\/www.jse.lu\/?p=2611"},"modified":"2023-09-18T09:19:23","modified_gmt":"2023-09-18T07:19:23","slug":"cite-vun-der-securite-sociale","status":"publish","type":"post","link":"https:\/\/www.jse.lu\/fr\/non-classifiee\/cite-vun-der-securite-sociale\/","title":{"rendered":"CIT\u00c9 VUN DER S\u00c9CURIT\u00c9 SOCIALE"},"content":{"rendered":"<h1 class=\"article-heading__title\">Neit Gebai op der Gare gouf present\u00e9iert<\/h1>\n<p>#JSE #teamJSE #notreprojet<\/p>\n<h1 class=\"article-heading__title\"><a href=\"https:\/\/www.rtl.lu\/news\/national\/a\/2028268.html\">https:\/\/www.rtl.lu\/news\/national\/a\/2028268.html<\/a><\/h1>\n<p><img decoding=\"async\" class=\"alignnone size-medium wp-image-2612\" src=\"https:\/\/www.jse.lu\/wp-content\/uploads\/e34e43f8cdb1427f42f45472325a2157-300x225.jpg\" alt=\"\" width=\"300\" height=\"225\" srcset=\"https:\/\/www.jse.lu\/wp-content\/uploads\/e34e43f8cdb1427f42f45472325a2157-200x150.jpg 200w, https:\/\/www.jse.lu\/wp-content\/uploads\/e34e43f8cdb1427f42f45472325a2157-300x225.jpg 300w, https:\/\/www.jse.lu\/wp-content\/uploads\/e34e43f8cdb1427f42f45472325a2157-400x300.jpg 400w, https:\/\/www.jse.lu\/wp-content\/uploads\/e34e43f8cdb1427f42f45472325a2157-600x450.jpg 600w, https:\/\/www.jse.lu\/wp-content\/uploads\/e34e43f8cdb1427f42f45472325a2157-768x576.jpg 768w, https:\/\/www.jse.lu\/wp-content\/uploads\/e34e43f8cdb1427f42f45472325a2157-800x600.jpg 800w, https:\/\/www.jse.lu\/wp-content\/uploads\/e34e43f8cdb1427f42f45472325a2157-1024x768.jpg 1024w, https:\/\/www.jse.lu\/wp-content\/uploads\/e34e43f8cdb1427f42f45472325a2157-1200x900.jpg 1200w, https:\/\/www.jse.lu\/wp-content\/uploads\/e34e43f8cdb1427f42f45472325a2157.jpg 1260w\" sizes=\"(max-width: 300px) 100vw, 300px\" \/><\/p>\n","protected":false},"excerpt":{"rendered":"<p>Neit Gebai op der Gare gouf present\u00e9iert #JSE #teamJSE #notreprojet https:\/\/www.rtl.lu\/news\/national\/a\/2028268.html<\/p>\n","protected":false},"author":5,"featured_media":2612,"comment_status":"closed","ping_status":"open","sticky":false,"template":"","format":"standard","meta":{"_acf_changed":false,"footnotes":""},"categories":[1],"tags":[],"class_list":["post-2611","post","type-post","status-publish","format-standard","has-post-thumbnail","hentry","category-non-classifiee"],"acf":[],"yoast_head":"<!-- This site is optimized with the Yoast SEO plugin v24.8 - https:\/\/yoast.com\/wordpress\/plugins\/seo\/ -->\n<title>CIT\u00c9 VUN DER S\u00c9CURIT\u00c9 SOCIALE - Jean Schmit Engineering<\/title>\n<meta name=\"robots\" content=\"index, follow, max-snippet:-1, max-image-preview:large, max-video-preview:-1\" \/>\n<link rel=\"canonical\" href=\"https:\/\/www.jse.lu\/fr\/non-classifiee\/cite-vun-der-securite-sociale\/\" \/>\n<meta property=\"og:locale\" content=\"fr_FR\" \/>\n<meta property=\"og:type\" content=\"article\" \/>\n<meta property=\"og:title\" content=\"CIT\u00c9 VUN DER S\u00c9CURIT\u00c9 SOCIALE - Jean Schmit Engineering\" \/>\n<meta property=\"og:description\" content=\"Neit Gebai op der Gare gouf present\u00e9iert #JSE #teamJSE #notreprojet https:\/\/www.rtl.lu\/news\/national\/a\/2028268.html\" \/>\n<meta property=\"og:url\" content=\"https:\/\/www.jse.lu\/fr\/non-classifiee\/cite-vun-der-securite-sociale\/\" \/>\n<meta property=\"og:site_name\" content=\"Jean Schmit Engineering\" \/>\n<meta property=\"article:published_time\" content=\"2023-02-14T07:17:03+00:00\" \/>\n<meta property=\"article:modified_time\" content=\"2023-09-18T07:19:23+00:00\" \/>\n<meta property=\"og:image\" content=\"https:\/\/www.jse.lu\/wp-content\/uploads\/e34e43f8cdb1427f42f45472325a2157.jpg\" \/>\n\t<meta property=\"og:image:width\" content=\"1260\" \/>\n\t<meta property=\"og:image:height\" content=\"945\" \/>\n\t<meta property=\"og:image:type\" content=\"image\/jpeg\" \/>\n<meta name=\"author\" content=\"nadine hoffmann\" \/>\n<meta name=\"twitter:card\" content=\"summary_large_image\" \/>\n<meta name=\"twitter:label1\" content=\"\u00c9crit par\" \/>\n\t<meta name=\"twitter:data1\" content=\"nadine hoffmann\" \/>\n<script type=\"application\/ld+json\" class=\"yoast-schema-graph\">{\"@context\":\"https:\/\/schema.org\",\"@graph\":[{\"@type\":\"WebPage\",\"@id\":\"https:\/\/www.jse.lu\/fr\/non-classifiee\/cite-vun-der-securite-sociale\/\",\"url\":\"https:\/\/www.jse.lu\/fr\/non-classifiee\/cite-vun-der-securite-sociale\/\",\"name\":\"CIT\u00c9 VUN DER S\u00c9CURIT\u00c9 SOCIALE - Jean Schmit Engineering\",\"isPartOf\":{\"@id\":\"https:\/\/www.jse.lu\/fr\/#website\"},\"primaryImageOfPage\":{\"@id\":\"https:\/\/www.jse.lu\/fr\/non-classifiee\/cite-vun-der-securite-sociale\/#primaryimage\"},\"image\":{\"@id\":\"https:\/\/www.jse.lu\/fr\/non-classifiee\/cite-vun-der-securite-sociale\/#primaryimage\"},\"thumbnailUrl\":\"https:\/\/www.jse.lu\/wp-content\/uploads\/e34e43f8cdb1427f42f45472325a2157.jpg\",\"datePublished\":\"2023-02-14T07:17:03+00:00\",\"dateModified\":\"2023-09-18T07:19:23+00:00\",\"author\":{\"@id\":\"https:\/\/www.jse.lu\/fr\/#\/schema\/person\/83da41b5688c001bcf4f08df2b7797c3\"},\"breadcrumb\":{\"@id\":\"https:\/\/www.jse.lu\/fr\/non-classifiee\/cite-vun-der-securite-sociale\/#breadcrumb\"},\"inLanguage\":\"fr-FR\",\"potentialAction\":[{\"@type\":\"ReadAction\",\"target\":[\"https:\/\/www.jse.lu\/fr\/non-classifiee\/cite-vun-der-securite-sociale\/\"]}]},{\"@type\":\"ImageObject\",\"inLanguage\":\"fr-FR\",\"@id\":\"https:\/\/www.jse.lu\/fr\/non-classifiee\/cite-vun-der-securite-sociale\/#primaryimage\",\"url\":\"https:\/\/www.jse.lu\/wp-content\/uploads\/e34e43f8cdb1427f42f45472325a2157.jpg\",\"contentUrl\":\"https:\/\/www.jse.lu\/wp-content\/uploads\/e34e43f8cdb1427f42f45472325a2157.jpg\",\"width\":1260,\"height\":945},{\"@type\":\"BreadcrumbList\",\"@id\":\"https:\/\/www.jse.lu\/fr\/non-classifiee\/cite-vun-der-securite-sociale\/#breadcrumb\",\"itemListElement\":[{\"@type\":\"ListItem\",\"position\":1,\"name\":\"Home\",\"item\":\"https:\/\/www.jse.lu\/fr\/\"},{\"@type\":\"ListItem\",\"position\":2,\"name\":\"CIT\u00c9 VUN DER S\u00c9CURIT\u00c9 SOCIALE\"}]},{\"@type\":\"WebSite\",\"@id\":\"https:\/\/www.jse.lu\/fr\/#website\",\"url\":\"https:\/\/www.jse.lu\/fr\/\",\"name\":\"Jean Schmit Engineering\",\"description\":\"\",\"potentialAction\":[{\"@type\":\"SearchAction\",\"target\":{\"@type\":\"EntryPoint\",\"urlTemplate\":\"https:\/\/www.jse.lu\/fr\/?s={search_term_string}\"},\"query-input\":{\"@type\":\"PropertyValueSpecification\",\"valueRequired\":true,\"valueName\":\"search_term_string\"}}],\"inLanguage\":\"fr-FR\"},{\"@type\":\"Person\",\"@id\":\"https:\/\/www.jse.lu\/fr\/#\/schema\/person\/83da41b5688c001bcf4f08df2b7797c3\",\"name\":\"nadine hoffmann\",\"image\":{\"@type\":\"ImageObject\",\"inLanguage\":\"fr-FR\",\"@id\":\"https:\/\/www.jse.lu\/fr\/#\/schema\/person\/image\/\",\"url\":\"https:\/\/secure.gravatar.com\/avatar\/fe482e6945fd1fc5bd4e0d684dacde3f?s=96&d=mm&r=g\",\"contentUrl\":\"https:\/\/secure.gravatar.com\/avatar\/fe482e6945fd1fc5bd4e0d684dacde3f?s=96&d=mm&r=g\",\"caption\":\"nadine hoffmann\"},\"sameAs\":[\"http:\/\/www.jse.lu\"],\"url\":\"https:\/\/www.jse.lu\/fr\/author\/nadine-hoffmann\/\"}]}<\/script>\n<!-- \/ Yoast SEO plugin. -->","yoast_head_json":{"title":"CIT\u00c9 VUN DER S\u00c9CURIT\u00c9 SOCIALE - Jean Schmit Engineering","robots":{"index":"index","follow":"follow","max-snippet":"max-snippet:-1","max-image-preview":"max-image-preview:large","max-video-preview":"max-video-preview:-1"},"canonical":"https:\/\/www.jse.lu\/fr\/non-classifiee\/cite-vun-der-securite-sociale\/","og_locale":"fr_FR","og_type":"article","og_title":"CIT\u00c9 VUN DER S\u00c9CURIT\u00c9 SOCIALE - Jean Schmit Engineering","og_description":"Neit Gebai op der Gare gouf present\u00e9iert #JSE #teamJSE #notreprojet https:\/\/www.rtl.lu\/news\/national\/a\/2028268.html","og_url":"https:\/\/www.jse.lu\/fr\/non-classifiee\/cite-vun-der-securite-sociale\/","og_site_name":"Jean Schmit Engineering","article_published_time":"2023-02-14T07:17:03+00:00","article_modified_time":"2023-09-18T07:19:23+00:00","og_image":[{"width":1260,"height":945,"url":"https:\/\/www.jse.lu\/wp-content\/uploads\/e34e43f8cdb1427f42f45472325a2157.jpg","type":"image\/jpeg"}],"author":"nadine hoffmann","twitter_card":"summary_large_image","twitter_misc":{"\u00c9crit par":"nadine hoffmann"},"schema":{"@context":"https:\/\/schema.org","@graph":[{"@type":"WebPage","@id":"https:\/\/www.jse.lu\/fr\/non-classifiee\/cite-vun-der-securite-sociale\/","url":"https:\/\/www.jse.lu\/fr\/non-classifiee\/cite-vun-der-securite-sociale\/","name":"CIT\u00c9 VUN DER S\u00c9CURIT\u00c9 SOCIALE - Jean Schmit Engineering","isPartOf":{"@id":"https:\/\/www.jse.lu\/fr\/#website"},"primaryImageOfPage":{"@id":"https:\/\/www.jse.lu\/fr\/non-classifiee\/cite-vun-der-securite-sociale\/#primaryimage"},"image":{"@id":"https:\/\/www.jse.lu\/fr\/non-classifiee\/cite-vun-der-securite-sociale\/#primaryimage"},"thumbnailUrl":"https:\/\/www.jse.lu\/wp-content\/uploads\/e34e43f8cdb1427f42f45472325a2157.jpg","datePublished":"2023-02-14T07:17:03+00:00","dateModified":"2023-09-18T07:19:23+00:00","author":{"@id":"https:\/\/www.jse.lu\/fr\/#\/schema\/person\/83da41b5688c001bcf4f08df2b7797c3"},"breadcrumb":{"@id":"https:\/\/www.jse.lu\/fr\/non-classifiee\/cite-vun-der-securite-sociale\/#breadcrumb"},"inLanguage":"fr-FR","potentialAction":[{"@type":"ReadAction","target":["https:\/\/www.jse.lu\/fr\/non-classifiee\/cite-vun-der-securite-sociale\/"]}]},{"@type":"ImageObject","inLanguage":"fr-FR","@id":"https:\/\/www.jse.lu\/fr\/non-classifiee\/cite-vun-der-securite-sociale\/#primaryimage","url":"https:\/\/www.jse.lu\/wp-content\/uploads\/e34e43f8cdb1427f42f45472325a2157.jpg","contentUrl":"https:\/\/www.jse.lu\/wp-content\/uploads\/e34e43f8cdb1427f42f45472325a2157.jpg","width":1260,"height":945},{"@type":"BreadcrumbList","@id":"https:\/\/www.jse.lu\/fr\/non-classifiee\/cite-vun-der-securite-sociale\/#breadcrumb","itemListElement":[{"@type":"ListItem","position":1,"name":"Home","item":"https:\/\/www.jse.lu\/fr\/"},{"@type":"ListItem","position":2,"name":"CIT\u00c9 VUN DER S\u00c9CURIT\u00c9 SOCIALE"}]},{"@type":"WebSite","@id":"https:\/\/www.jse.lu\/fr\/#website","url":"https:\/\/www.jse.lu\/fr\/","name":"Jean Schmit Engineering","description":"","potentialAction":[{"@type":"SearchAction","target":{"@type":"EntryPoint","urlTemplate":"https:\/\/www.jse.lu\/fr\/?s={search_term_string}"},"query-input":{"@type":"PropertyValueSpecification","valueRequired":true,"valueName":"search_term_string"}}],"inLanguage":"fr-FR"},{"@type":"Person","@id":"https:\/\/www.jse.lu\/fr\/#\/schema\/person\/83da41b5688c001bcf4f08df2b7797c3","name":"nadine hoffmann","image":{"@type":"ImageObject","inLanguage":"fr-FR","@id":"https:\/\/www.jse.lu\/fr\/#\/schema\/person\/image\/","url":"https:\/\/secure.gravatar.com\/avatar\/fe482e6945fd1fc5bd4e0d684dacde3f?s=96&d=mm&r=g","contentUrl":"https:\/\/secure.gravatar.com\/avatar\/fe482e6945fd1fc5bd4e0d684dacde3f?s=96&d=mm&r=g","caption":"nadine hoffmann"},"sameAs":["http:\/\/www.jse.lu"],"url":"https:\/\/www.jse.lu\/fr\/author\/nadine-hoffmann\/"}]}},"_links":{"self":[{"href":"https:\/\/www.jse.lu\/fr\/wp-json\/wp\/v2\/posts\/2611","targetHints":{"allow":["GET"]}}],"collection":[{"href":"https:\/\/www.jse.lu\/fr\/wp-json\/wp\/v2\/posts"}],"about":[{"href":"https:\/\/www.jse.lu\/fr\/wp-json\/wp\/v2\/types\/post"}],"author":[{"embeddable":true,"href":"https:\/\/www.jse.lu\/fr\/wp-json\/wp\/v2\/users\/5"}],"replies":[{"embeddable":true,"href":"https:\/\/www.jse.lu\/fr\/wp-json\/wp\/v2\/comments?post=2611"}],"version-history":[{"count":2,"href":"https:\/\/www.jse.lu\/fr\/wp-json\/wp\/v2\/posts\/2611\/revisions"}],"predecessor-version":[{"id":2615,"href":"https:\/\/www.jse.lu\/fr\/wp-json\/wp\/v2\/posts\/2611\/revisions\/2615"}],"wp:featuredmedia":[{"embeddable":true,"href":"https:\/\/www.jse.lu\/fr\/wp-json\/wp\/v2\/media\/2612"}],"wp:attachment":[{"href":"https:\/\/www.jse.lu\/fr\/wp-json\/wp\/v2\/media?parent=2611"}],"wp:term":[{"taxonomy":"category","embeddable":true,"href":"https:\/\/www.jse.lu\/fr\/wp-json\/wp\/v2\/categories?post=2611"},{"taxonomy":"post_tag","embeddable":true,"href":"https:\/\/www.jse.lu\/fr\/wp-json\/wp\/v2\/tags?post=2611"}],"curies":[{"name":"wp","href":"https:\/\/api.w.org\/{rel}","templated":true}]}}