{"id":1,"date":"2016-07-22T18:16:22","date_gmt":"2016-07-22T16:16:22","guid":{"rendered":"https:\/\/www.jse.lu\/?p=1"},"modified":"2017-07-20T11:57:32","modified_gmt":"2017-07-20T09:57:32","slug":"inauguration-de-lascenseur-panoramique-pfaffenthal-villae-haute","status":"publish","type":"post","link":"https:\/\/www.jse.lu\/fr\/news\/inauguration-de-lascenseur-panoramique-pfaffenthal-villae-haute\/","title":{"rendered":"Inauguration de l&rsquo;ascenseur panoramique Pfaffenthal &#8211; Villae Haute"},"content":{"rendered":"<div id=\"TextElement66b081045d0ebcaadafb587c15899ab1\" class=\"ng-element el-text-2 empty-line-hack font-S-Arial-n4\" data-id=\"61e9c31d9e5f02c4ff5fa4645d6d2840\">\n<p class=\"uxp-align-left\"><span class=\"font-S-Arial-n4\">L&rsquo;ascenseur panoramique, dont l&rsquo;\u00e9tude de la cabine avait \u00e9t\u00e9 confi\u00e9e \u00e0 notre bureau d&rsquo;\u00e9tude, a \u00e9t\u00e9 inaugur\u00e9e le 22 Juillet 2016.<\/span><\/p>\n<\/div>\n<p>Source photo : L&rsquo;essentiel<\/p>\n<p>&nbsp;<\/p>\n<p class=\"uxp-align-left\">\n","protected":false},"excerpt":{"rendered":"<p>L&rsquo;ascenseur panoramique, dont l&rsquo;\u00e9tude de la cabine avait \u00e9t\u00e9 confi\u00e9e \u00e0 notre bureau d&rsquo;\u00e9tude, a \u00e9t\u00e9 inaugur\u00e9e le 22 Juillet 2016. Source photo : L&rsquo;essentiel &nbsp;<\/p>\n","protected":false},"author":1,"featured_media":782,"comment_status":"open","ping_status":"open","sticky":false,"template":"","format":"standard","meta":{"_acf_changed":false,"footnotes":""},"categories":[32],"tags":[],"class_list":["post-1","post","type-post","status-publish","format-standard","has-post-thumbnail","hentry","category-news"],"acf":[],"yoast_head":"<!-- This site is optimized with the Yoast SEO plugin v24.8 - https:\/\/yoast.com\/wordpress\/plugins\/seo\/ -->\n<title>Inauguration de l&#039;ascenseur panoramique Pfaffenthal - Villae Haute - Jean Schmit Engineering<\/title>\n<meta name=\"robots\" content=\"index, follow, max-snippet:-1, max-image-preview:large, max-video-preview:-1\" \/>\n<link rel=\"canonical\" href=\"https:\/\/www.jse.lu\/fr\/news\/inauguration-de-lascenseur-panoramique-pfaffenthal-villae-haute\/\" \/>\n<meta property=\"og:locale\" content=\"fr_FR\" \/>\n<meta property=\"og:type\" content=\"article\" \/>\n<meta property=\"og:title\" content=\"Inauguration de l&#039;ascenseur panoramique Pfaffenthal - Villae Haute - Jean Schmit Engineering\" \/>\n<meta property=\"og:description\" content=\"L&rsquo;ascenseur panoramique, dont l&rsquo;\u00e9tude de la cabine avait \u00e9t\u00e9 confi\u00e9e \u00e0 notre bureau d&rsquo;\u00e9tude, a \u00e9t\u00e9 inaugur\u00e9e le 22 Juillet 2016. Source photo : L&rsquo;essentiel &nbsp;\" \/>\n<meta property=\"og:url\" content=\"https:\/\/www.jse.lu\/fr\/news\/inauguration-de-lascenseur-panoramique-pfaffenthal-villae-haute\/\" \/>\n<meta property=\"og:site_name\" content=\"Jean Schmit Engineering\" \/>\n<meta property=\"article:published_time\" content=\"2016-07-22T16:16:22+00:00\" \/>\n<meta property=\"article:modified_time\" content=\"2017-07-20T09:57:32+00:00\" \/>\n<meta property=\"og:image\" content=\"https:\/\/www.jse.lu\/wp-content\/uploads\/Lessentiel-01.jpg\" \/>\n\t<meta property=\"og:image:width\" content=\"1280\" \/>\n\t<meta property=\"og:image:height\" content=\"849\" \/>\n\t<meta property=\"og:image:type\" content=\"image\/jpeg\" \/>\n<meta name=\"author\" content=\"vous_admin\" \/>\n<meta name=\"twitter:card\" content=\"summary_large_image\" \/>\n<meta name=\"twitter:label1\" content=\"\u00c9crit par\" \/>\n\t<meta name=\"twitter:data1\" content=\"vous_admin\" \/>\n<script type=\"application\/ld+json\" class=\"yoast-schema-graph\">{\"@context\":\"https:\/\/schema.org\",\"@graph\":[{\"@type\":\"WebPage\",\"@id\":\"https:\/\/www.jse.lu\/fr\/news\/inauguration-de-lascenseur-panoramique-pfaffenthal-villae-haute\/\",\"url\":\"https:\/\/www.jse.lu\/fr\/news\/inauguration-de-lascenseur-panoramique-pfaffenthal-villae-haute\/\",\"name\":\"Inauguration de l'ascenseur panoramique Pfaffenthal - Villae Haute - Jean Schmit Engineering\",\"isPartOf\":{\"@id\":\"https:\/\/www.jse.lu\/fr\/#website\"},\"primaryImageOfPage\":{\"@id\":\"https:\/\/www.jse.lu\/fr\/news\/inauguration-de-lascenseur-panoramique-pfaffenthal-villae-haute\/#primaryimage\"},\"image\":{\"@id\":\"https:\/\/www.jse.lu\/fr\/news\/inauguration-de-lascenseur-panoramique-pfaffenthal-villae-haute\/#primaryimage\"},\"thumbnailUrl\":\"https:\/\/www.jse.lu\/wp-content\/uploads\/Lessentiel-01.jpg\",\"datePublished\":\"2016-07-22T16:16:22+00:00\",\"dateModified\":\"2017-07-20T09:57:32+00:00\",\"author\":{\"@id\":\"https:\/\/www.jse.lu\/fr\/#\/schema\/person\/4512d415372894baca4dfb6596f0bedf\"},\"breadcrumb\":{\"@id\":\"https:\/\/www.jse.lu\/fr\/news\/inauguration-de-lascenseur-panoramique-pfaffenthal-villae-haute\/#breadcrumb\"},\"inLanguage\":\"fr-FR\",\"potentialAction\":[{\"@type\":\"ReadAction\",\"target\":[\"https:\/\/www.jse.lu\/fr\/news\/inauguration-de-lascenseur-panoramique-pfaffenthal-villae-haute\/\"]}]},{\"@type\":\"ImageObject\",\"inLanguage\":\"fr-FR\",\"@id\":\"https:\/\/www.jse.lu\/fr\/news\/inauguration-de-lascenseur-panoramique-pfaffenthal-villae-haute\/#primaryimage\",\"url\":\"https:\/\/www.jse.lu\/wp-content\/uploads\/Lessentiel-01.jpg\",\"contentUrl\":\"https:\/\/www.jse.lu\/wp-content\/uploads\/Lessentiel-01.jpg\",\"width\":1280,\"height\":849},{\"@type\":\"BreadcrumbList\",\"@id\":\"https:\/\/www.jse.lu\/fr\/news\/inauguration-de-lascenseur-panoramique-pfaffenthal-villae-haute\/#breadcrumb\",\"itemListElement\":[{\"@type\":\"ListItem\",\"position\":1,\"name\":\"Home\",\"item\":\"https:\/\/www.jse.lu\/fr\/\"},{\"@type\":\"ListItem\",\"position\":2,\"name\":\"Inauguration de l&rsquo;ascenseur panoramique Pfaffenthal &#8211; Villae Haute\"}]},{\"@type\":\"WebSite\",\"@id\":\"https:\/\/www.jse.lu\/fr\/#website\",\"url\":\"https:\/\/www.jse.lu\/fr\/\",\"name\":\"Jean Schmit Engineering\",\"description\":\"\",\"potentialAction\":[{\"@type\":\"SearchAction\",\"target\":{\"@type\":\"EntryPoint\",\"urlTemplate\":\"https:\/\/www.jse.lu\/fr\/?s={search_term_string}\"},\"query-input\":{\"@type\":\"PropertyValueSpecification\",\"valueRequired\":true,\"valueName\":\"search_term_string\"}}],\"inLanguage\":\"fr-FR\"},{\"@type\":\"Person\",\"@id\":\"https:\/\/www.jse.lu\/fr\/#\/schema\/person\/4512d415372894baca4dfb6596f0bedf\",\"name\":\"vous_admin\",\"image\":{\"@type\":\"ImageObject\",\"inLanguage\":\"fr-FR\",\"@id\":\"https:\/\/www.jse.lu\/fr\/#\/schema\/person\/image\/\",\"url\":\"https:\/\/secure.gravatar.com\/avatar\/657a815286696c1ef72e241c7393b143?s=96&d=mm&r=g\",\"contentUrl\":\"https:\/\/secure.gravatar.com\/avatar\/657a815286696c1ef72e241c7393b143?s=96&d=mm&r=g\",\"caption\":\"vous_admin\"},\"url\":\"https:\/\/www.jse.lu\/fr\/author\/vous_admin\/\"}]}<\/script>\n<!-- \/ Yoast SEO plugin. -->","yoast_head_json":{"title":"Inauguration de l'ascenseur panoramique Pfaffenthal - Villae Haute - Jean Schmit Engineering","robots":{"index":"index","follow":"follow","max-snippet":"max-snippet:-1","max-image-preview":"max-image-preview:large","max-video-preview":"max-video-preview:-1"},"canonical":"https:\/\/www.jse.lu\/fr\/news\/inauguration-de-lascenseur-panoramique-pfaffenthal-villae-haute\/","og_locale":"fr_FR","og_type":"article","og_title":"Inauguration de l'ascenseur panoramique Pfaffenthal - Villae Haute - Jean Schmit Engineering","og_description":"L&rsquo;ascenseur panoramique, dont l&rsquo;\u00e9tude de la cabine avait \u00e9t\u00e9 confi\u00e9e \u00e0 notre bureau d&rsquo;\u00e9tude, a \u00e9t\u00e9 inaugur\u00e9e le 22 Juillet 2016. Source photo : L&rsquo;essentiel &nbsp;","og_url":"https:\/\/www.jse.lu\/fr\/news\/inauguration-de-lascenseur-panoramique-pfaffenthal-villae-haute\/","og_site_name":"Jean Schmit Engineering","article_published_time":"2016-07-22T16:16:22+00:00","article_modified_time":"2017-07-20T09:57:32+00:00","og_image":[{"width":1280,"height":849,"url":"https:\/\/www.jse.lu\/wp-content\/uploads\/Lessentiel-01.jpg","type":"image\/jpeg"}],"author":"vous_admin","twitter_card":"summary_large_image","twitter_misc":{"\u00c9crit par":"vous_admin"},"schema":{"@context":"https:\/\/schema.org","@graph":[{"@type":"WebPage","@id":"https:\/\/www.jse.lu\/fr\/news\/inauguration-de-lascenseur-panoramique-pfaffenthal-villae-haute\/","url":"https:\/\/www.jse.lu\/fr\/news\/inauguration-de-lascenseur-panoramique-pfaffenthal-villae-haute\/","name":"Inauguration de l'ascenseur panoramique Pfaffenthal - Villae Haute - Jean Schmit Engineering","isPartOf":{"@id":"https:\/\/www.jse.lu\/fr\/#website"},"primaryImageOfPage":{"@id":"https:\/\/www.jse.lu\/fr\/news\/inauguration-de-lascenseur-panoramique-pfaffenthal-villae-haute\/#primaryimage"},"image":{"@id":"https:\/\/www.jse.lu\/fr\/news\/inauguration-de-lascenseur-panoramique-pfaffenthal-villae-haute\/#primaryimage"},"thumbnailUrl":"https:\/\/www.jse.lu\/wp-content\/uploads\/Lessentiel-01.jpg","datePublished":"2016-07-22T16:16:22+00:00","dateModified":"2017-07-20T09:57:32+00:00","author":{"@id":"https:\/\/www.jse.lu\/fr\/#\/schema\/person\/4512d415372894baca4dfb6596f0bedf"},"breadcrumb":{"@id":"https:\/\/www.jse.lu\/fr\/news\/inauguration-de-lascenseur-panoramique-pfaffenthal-villae-haute\/#breadcrumb"},"inLanguage":"fr-FR","potentialAction":[{"@type":"ReadAction","target":["https:\/\/www.jse.lu\/fr\/news\/inauguration-de-lascenseur-panoramique-pfaffenthal-villae-haute\/"]}]},{"@type":"ImageObject","inLanguage":"fr-FR","@id":"https:\/\/www.jse.lu\/fr\/news\/inauguration-de-lascenseur-panoramique-pfaffenthal-villae-haute\/#primaryimage","url":"https:\/\/www.jse.lu\/wp-content\/uploads\/Lessentiel-01.jpg","contentUrl":"https:\/\/www.jse.lu\/wp-content\/uploads\/Lessentiel-01.jpg","width":1280,"height":849},{"@type":"BreadcrumbList","@id":"https:\/\/www.jse.lu\/fr\/news\/inauguration-de-lascenseur-panoramique-pfaffenthal-villae-haute\/#breadcrumb","itemListElement":[{"@type":"ListItem","position":1,"name":"Home","item":"https:\/\/www.jse.lu\/fr\/"},{"@type":"ListItem","position":2,"name":"Inauguration de l&rsquo;ascenseur panoramique Pfaffenthal &#8211; Villae Haute"}]},{"@type":"WebSite","@id":"https:\/\/www.jse.lu\/fr\/#website","url":"https:\/\/www.jse.lu\/fr\/","name":"Jean Schmit Engineering","description":"","potentialAction":[{"@type":"SearchAction","target":{"@type":"EntryPoint","urlTemplate":"https:\/\/www.jse.lu\/fr\/?s={search_term_string}"},"query-input":{"@type":"PropertyValueSpecification","valueRequired":true,"valueName":"search_term_string"}}],"inLanguage":"fr-FR"},{"@type":"Person","@id":"https:\/\/www.jse.lu\/fr\/#\/schema\/person\/4512d415372894baca4dfb6596f0bedf","name":"vous_admin","image":{"@type":"ImageObject","inLanguage":"fr-FR","@id":"https:\/\/www.jse.lu\/fr\/#\/schema\/person\/image\/","url":"https:\/\/secure.gravatar.com\/avatar\/657a815286696c1ef72e241c7393b143?s=96&d=mm&r=g","contentUrl":"https:\/\/secure.gravatar.com\/avatar\/657a815286696c1ef72e241c7393b143?s=96&d=mm&r=g","caption":"vous_admin"},"url":"https:\/\/www.jse.lu\/fr\/author\/vous_admin\/"}]}},"_links":{"self":[{"href":"https:\/\/www.jse.lu\/fr\/wp-json\/wp\/v2\/posts\/1","targetHints":{"allow":["GET"]}}],"collection":[{"href":"https:\/\/www.jse.lu\/fr\/wp-json\/wp\/v2\/posts"}],"about":[{"href":"https:\/\/www.jse.lu\/fr\/wp-json\/wp\/v2\/types\/post"}],"author":[{"embeddable":true,"href":"https:\/\/www.jse.lu\/fr\/wp-json\/wp\/v2\/users\/1"}],"replies":[{"embeddable":true,"href":"https:\/\/www.jse.lu\/fr\/wp-json\/wp\/v2\/comments?post=1"}],"version-history":[{"count":3,"href":"https:\/\/www.jse.lu\/fr\/wp-json\/wp\/v2\/posts\/1\/revisions"}],"predecessor-version":[{"id":784,"href":"https:\/\/www.jse.lu\/fr\/wp-json\/wp\/v2\/posts\/1\/revisions\/784"}],"wp:featuredmedia":[{"embeddable":true,"href":"https:\/\/www.jse.lu\/fr\/wp-json\/wp\/v2\/media\/782"}],"wp:attachment":[{"href":"https:\/\/www.jse.lu\/fr\/wp-json\/wp\/v2\/media?parent=1"}],"wp:term":[{"taxonomy":"category","embeddable":true,"href":"https:\/\/www.jse.lu\/fr\/wp-json\/wp\/v2\/categories?post=1"},{"taxonomy":"post_tag","embeddable":true,"href":"https:\/\/www.jse.lu\/fr\/wp-json\/wp\/v2\/tags?post=1"}],"curies":[{"name":"wp","href":"https:\/\/api.w.org\/{rel}","templated":true}]}}